{"id":6211,"date":"2026-04-29T12:28:16","date_gmt":"2026-04-29T10:28:16","guid":{"rendered":"https:\/\/ismma.ac.mz\/site\/?p=6211"},"modified":"2026-04-29T21:55:09","modified_gmt":"2026-04-29T19:55:09","slug":"tese-de-mestrado-farnera-rudo-conclui-mestrado-em-servicos-sociais","status":"publish","type":"post","link":"https:\/\/ismma.ac.mz\/site\/tese-de-mestrado-farnera-rudo-conclui-mestrado-em-servicos-sociais\/","title":{"rendered":"Defesa da Disserta\u00e7\u00e3o: Farnera Rudo conclui Mestrado em Servi\u00e7os Sociais"},"content":{"rendered":"\n<p>No dia <strong>28 de abril de 2026<\/strong>, ao meio-dia, <strong>o estudante <strong>Farnera Rudo<\/strong> <\/strong>realizou com sucesso a defesa da sua Disserta\u00e7\u00e3o de Mestrado em Servi\u00e7os Sociais, no Audit\u00f3rio do ISMMA. A Disserta\u00e7\u00e3o \u00e9 entitulada \u00ab<em><strong>Avalia\u00e7\u00e3o do impacto da depend\u00eancia econ\u00f3mica como factor da viol\u00eancia dom\u00e9stica contra a mulher na cidade de Maputo. Estudo de caso: Centro de Atendimento Integrado \u00e0s v\u00edtimas de Viol\u00eancia do Hospital Geral de Mavalane<\/strong><\/em>\u00bb. Esta Disserta\u00e7\u00e3o enquadra-se num projecto de melhoria e valoriza\u00e7\u00e3o dos servi\u00e7os sociais e da defesa das pessoas vulner\u00e1veis no Pa\u00eds para al\u00e9m de representar o pilar do Instituto Superior Maria M\u00e3e de \u00c1frica.<\/p>\n\n\n\n<figure class=\"wp-block-gallery has-nested-images columns-default is-cropped wp-block-gallery-1 is-layout-flex wp-block-gallery-is-layout-flex\">\n<figure class=\"wp-block-image size-large\"><img fetchpriority=\"high\" decoding=\"async\" width=\"1024\" height=\"683\" data-id=\"6214\" src=\"https:\/\/ismma.ac.mz\/site\/wp-content\/uploads\/2026\/04\/IMG_8207-1024x683.jpg\" alt=\"\" class=\"wp-image-6214\" srcset=\"https:\/\/ismma.ac.mz\/site\/wp-content\/uploads\/2026\/04\/IMG_8207-1024x683.jpg 1024w, https:\/\/ismma.ac.mz\/site\/wp-content\/uploads\/2026\/04\/IMG_8207-300x200.jpg 300w, https:\/\/ismma.ac.mz\/site\/wp-content\/uploads\/2026\/04\/IMG_8207-768x512.jpg 768w, https:\/\/ismma.ac.mz\/site\/wp-content\/uploads\/2026\/04\/IMG_8207-1536x1024.jpg 1536w, https:\/\/ismma.ac.mz\/site\/wp-content\/uploads\/2026\/04\/IMG_8207-2048x1365.jpg 2048w\" sizes=\"(max-width: 1024px) 100vw, 1024px\" \/><\/figure>\n\n\n\n<figure class=\"wp-block-image size-large\"><img decoding=\"async\" width=\"1024\" height=\"683\" data-id=\"6213\" src=\"https:\/\/ismma.ac.mz\/site\/wp-content\/uploads\/2026\/04\/IMG_8239-1024x683.jpg\" alt=\"\" class=\"wp-image-6213\" srcset=\"https:\/\/ismma.ac.mz\/site\/wp-content\/uploads\/2026\/04\/IMG_8239-1024x683.jpg 1024w, https:\/\/ismma.ac.mz\/site\/wp-content\/uploads\/2026\/04\/IMG_8239-300x200.jpg 300w, https:\/\/ismma.ac.mz\/site\/wp-content\/uploads\/2026\/04\/IMG_8239-768x512.jpg 768w, https:\/\/ismma.ac.mz\/site\/wp-content\/uploads\/2026\/04\/IMG_8239-1536x1024.jpg 1536w, https:\/\/ismma.ac.mz\/site\/wp-content\/uploads\/2026\/04\/IMG_8239-2048x1365.jpg 2048w\" sizes=\"(max-width: 1024px) 100vw, 1024px\" \/><\/figure>\n<\/figure>\n\n\n\n<p>A defesa foi acompanhada pelos seguintes membros do j\u00fari<strong>: Prof.ra.<\/strong> <strong>Dra Imeldina Eduardo Matimbe Paulo<\/strong> (Tutora), <strong>Prof.ra.<\/strong> <strong>Dra. S\u00f3nia Cossa<\/strong> (Oponente), <strong>Prof Doutor Bernardino Bil\u00e9rio (<\/strong>Presidente<strong>)<\/strong>. A tese foi aprovada com uma m\u00e9dia final de 16 valores, destacando o empenho e a qualidade do trabalho do estudante.<\/p>\n\n\n\n<p>A <strong>defesa representou um momento importante na sua traject\u00f3ria acad\u00eamica e no curso de Servi\u00e7os Sociais<\/strong>, o que contribui de forma significativa para a valoriza\u00e7\u00e3o dos servi\u00e7os sociais que s\u00e3o o alicerce do desenvolvimento e do bem-estar de Mo\u00e7ambique. Parab\u00e9ns ao Farenze pelo excelente desempenho e por mais esta conquista!<\/p>\n\n\n\n<figure class=\"wp-block-gallery has-nested-images columns-default is-cropped wp-block-gallery-2 is-layout-flex wp-block-gallery-is-layout-flex\">\n<figure class=\"wp-block-image size-large\"><img decoding=\"async\" width=\"1024\" height=\"683\" data-id=\"6217\" src=\"https:\/\/ismma.ac.mz\/site\/wp-content\/uploads\/2026\/04\/IMG_8220-1024x683.jpg\" alt=\"\" class=\"wp-image-6217\" srcset=\"https:\/\/ismma.ac.mz\/site\/wp-content\/uploads\/2026\/04\/IMG_8220-1024x683.jpg 1024w, https:\/\/ismma.ac.mz\/site\/wp-content\/uploads\/2026\/04\/IMG_8220-300x200.jpg 300w, https:\/\/ismma.ac.mz\/site\/wp-content\/uploads\/2026\/04\/IMG_8220-768x512.jpg 768w, https:\/\/ismma.ac.mz\/site\/wp-content\/uploads\/2026\/04\/IMG_8220-1536x1024.jpg 1536w, https:\/\/ismma.ac.mz\/site\/wp-content\/uploads\/2026\/04\/IMG_8220-2048x1365.jpg 2048w\" sizes=\"(max-width: 1024px) 100vw, 1024px\" \/><\/figure>\n\n\n\n<figure class=\"wp-block-image size-large\"><img loading=\"lazy\" decoding=\"async\" width=\"1024\" height=\"683\" data-id=\"6216\" src=\"https:\/\/ismma.ac.mz\/site\/wp-content\/uploads\/2026\/04\/IMG_8230-1024x683.jpg\" alt=\"\" class=\"wp-image-6216\" srcset=\"https:\/\/ismma.ac.mz\/site\/wp-content\/uploads\/2026\/04\/IMG_8230-1024x683.jpg 1024w, https:\/\/ismma.ac.mz\/site\/wp-content\/uploads\/2026\/04\/IMG_8230-300x200.jpg 300w, https:\/\/ismma.ac.mz\/site\/wp-content\/uploads\/2026\/04\/IMG_8230-768x512.jpg 768w, https:\/\/ismma.ac.mz\/site\/wp-content\/uploads\/2026\/04\/IMG_8230-1536x1024.jpg 1536w, https:\/\/ismma.ac.mz\/site\/wp-content\/uploads\/2026\/04\/IMG_8230-2048x1365.jpg 2048w\" sizes=\"(max-width: 1024px) 100vw, 1024px\" \/><\/figure>\n\n\n\n<figure class=\"wp-block-image size-large\"><img loading=\"lazy\" decoding=\"async\" width=\"1024\" height=\"683\" data-id=\"6215\" src=\"https:\/\/ismma.ac.mz\/site\/wp-content\/uploads\/2026\/04\/IMG_8253-1024x683.jpg\" alt=\"\" class=\"wp-image-6215\" srcset=\"https:\/\/ismma.ac.mz\/site\/wp-content\/uploads\/2026\/04\/IMG_8253-1024x683.jpg 1024w, https:\/\/ismma.ac.mz\/site\/wp-content\/uploads\/2026\/04\/IMG_8253-300x200.jpg 300w, https:\/\/ismma.ac.mz\/site\/wp-content\/uploads\/2026\/04\/IMG_8253-768x512.jpg 768w, https:\/\/ismma.ac.mz\/site\/wp-content\/uploads\/2026\/04\/IMG_8253-1536x1024.jpg 1536w, https:\/\/ismma.ac.mz\/site\/wp-content\/uploads\/2026\/04\/IMG_8253-2048x1365.jpg 2048w\" sizes=\"(max-width: 1024px) 100vw, 1024px\" \/><\/figure>\n<\/figure>\n\n\n\n<p><\/p>\n","protected":false},"excerpt":{"rendered":"<p>No dia 28 de abril de 2026, ao meio-dia, o estudante Farnera Rudo realizou com sucesso a defesa da sua Disserta\u00e7\u00e3o de Mestrado em Servi\u00e7os Sociais, no Audit\u00f3rio do ISMMA. A Disserta\u00e7\u00e3o \u00e9 entitulada \u00abAvalia\u00e7\u00e3o do impacto da depend\u00eancia econ\u00f3mica como factor da viol\u00eancia dom\u00e9stica contra a mulher na cidade de Maputo. Estudo de caso: Centro de Atendimento Integrado \u00e0s v\u00edtimas de Viol\u00eancia do Hospital Geral de Mavalane\u00bb. Esta Disserta\u00e7\u00e3o enquadra-se num projecto de melhoria e valoriza\u00e7\u00e3o dos servi\u00e7os sociais e da defesa das pessoas vulner\u00e1veis no Pa\u00eds para al\u00e9m de representar o pilar do Instituto Superior Maria M\u00e3e de \u00c1frica. A defesa foi acompanhada pelos seguintes membros do j\u00fari: Prof.ra. Dra Imeldina Eduardo Matimbe Paulo (Tutora), Prof.ra. Dra. S\u00f3nia Cossa (Oponente), Prof Doutor Bernardino Bil\u00e9rio (Presidente). A tese foi aprovada com uma m\u00e9dia final de 16 valores, destacando o empenho e a qualidade do trabalho do estudante. A defesa representou um momento importante na sua traject\u00f3ria acad\u00eamica e no curso de Servi\u00e7os Sociais, o que contribui de forma significativa para a valoriza\u00e7\u00e3o dos servi\u00e7os sociais que s\u00e3o o alicerce do desenvolvimento e do bem-estar de Mo\u00e7ambique. Parab\u00e9ns ao Farenze pelo excelente desempenho e por mais esta conquista!<\/p>\n","protected":false},"author":7,"featured_media":6212,"comment_status":"open","ping_status":"open","sticky":false,"template":"","format":"standard","meta":{"footnotes":""},"categories":[14,12,1,13],"tags":[],"class_list":["post-6211","post","type-post","status-publish","format-standard","has-post-thumbnail","hentry","category-historia-do-estudante","category-holofotes","category-uncategorized","category-vida-do-estudante"],"_links":{"self":[{"href":"https:\/\/ismma.ac.mz\/site\/wp-json\/wp\/v2\/posts\/6211","targetHints":{"allow":["GET"]}}],"collection":[{"href":"https:\/\/ismma.ac.mz\/site\/wp-json\/wp\/v2\/posts"}],"about":[{"href":"https:\/\/ismma.ac.mz\/site\/wp-json\/wp\/v2\/types\/post"}],"author":[{"embeddable":true,"href":"https:\/\/ismma.ac.mz\/site\/wp-json\/wp\/v2\/users\/7"}],"replies":[{"embeddable":true,"href":"https:\/\/ismma.ac.mz\/site\/wp-json\/wp\/v2\/comments?post=6211"}],"version-history":[{"count":5,"href":"https:\/\/ismma.ac.mz\/site\/wp-json\/wp\/v2\/posts\/6211\/revisions"}],"predecessor-version":[{"id":6222,"href":"https:\/\/ismma.ac.mz\/site\/wp-json\/wp\/v2\/posts\/6211\/revisions\/6222"}],"wp:featuredmedia":[{"embeddable":true,"href":"https:\/\/ismma.ac.mz\/site\/wp-json\/wp\/v2\/media\/6212"}],"wp:attachment":[{"href":"https:\/\/ismma.ac.mz\/site\/wp-json\/wp\/v2\/media?parent=6211"}],"wp:term":[{"taxonomy":"category","embeddable":true,"href":"https:\/\/ismma.ac.mz\/site\/wp-json\/wp\/v2\/categories?post=6211"},{"taxonomy":"post_tag","embeddable":true,"href":"https:\/\/ismma.ac.mz\/site\/wp-json\/wp\/v2\/tags?post=6211"}],"curies":[{"name":"wp","href":"https:\/\/api.w.org\/{rel}","templated":true}]}}